{"id":445,"date":"2014-08-26T12:09:10","date_gmt":"2014-08-26T12:09:10","guid":{"rendered":"http:\/\/secmarilia.org.br\/site\/?p=445"},"modified":"2023-08-23T16:54:35","modified_gmt":"2023-08-23T16:54:35","slug":"abono-salarial-em-comemoracao-ao-dia-do-comerciario","status":"publish","type":"post","link":"https:\/\/secmarilia.org.br\/site\/abono-salarial-em-comemoracao-ao-dia-do-comerciario\/","title":{"rendered":"Abono salarial em comemora\u00e7\u00e3o ao Dia do Comerci\u00e1rio"},"content":{"rendered":"<p>Diz a historia que em 1908 era fundado no Rio de Janeiro a Uni\u00e3o dos Empregados no Com\u00e9rcio do Rio de Janeiro, organizada pelos \u201ccaixeiros\u201d \u2013 nome dado aos empregados no Com\u00e9rcio, guarda-livros, escritur\u00e1rios entre outras figuras trabalhistas da \u00e9poca que se sentiam injusti\u00e7ados pelos comerciantes.<\/p>\n<p>J\u00e1 em 29 de outubro de 1932, uma manifesta\u00e7\u00e3o dos caixeiros se aglomerou no Largo da Carioca no Rio de Janeiro e ganhou apoio de professores, banc\u00e1rios, jornalistas, ferrovi\u00e1rios entre outros que marcharam em dire\u00e7\u00e3o ao Pal\u00e1cio do Catete, com quase 5 mil pessoas.<\/p>\n<p>Ent\u00e3o o presidente Get\u00falio Vargas os recebeu da sacada e nesse mesmo dia assinou o Decreto Lei n\u00b04.042, de 29 de outubro de 1932, que acabava com a carga hor\u00e1ria de 12 horas di\u00e1rias, para 8 horas. O decreto-lei foi publicado no Di\u00e1rio Oficial do dia seguinte, 30 de outubro de 1932, e por esse motivo se comemora-se dia 30 de outubro o \u201cDia do Comerci\u00e1rio\u201d.<\/p>\n<p>No m\u00eas de outubro os comerci\u00e1rios t\u00eam direito a um abono salarial em comemora\u00e7\u00e3o ao Dia do Comerci\u00e1rio.\u00a0 Funcion\u00e1rios com mais de 90 dias na empresa tem direito a 1 dia de abono, acima de 181 dias, 2 dias de abono, que devem ser remunerados na folha de pagamento de outubro<strong>.(Cl\u00e1usula da Conven\u00e7\u00e3o Coletiva de Trabalho\u00a0em vigor).<\/strong><\/p>\n<p>Al\u00e9m do benef\u00edcio previsto na Conven\u00e7\u00e3o Coletiva, o Sindicato dos Empregados no Com\u00e9rcio de Mar\u00edlia\u00a0sempre presenteia os comerci\u00e1rios com sorteio de brindes ou dinheiro.<\/p>\n<h3><strong>Informa\u00e7\u00f5es<\/strong><\/h3>\n<p>Rua Para\u00edba n\u00ba31 \u2013 Centro \u2013 Mar\u00edlia\/SP<\/p>\n<p>Telefone: (14)3413-1059<\/p>\n<p>e-mail: <a href=\"mailto:sindicato@secmarilia.org.br\">sindicato@secmarilia.org.br<\/a><\/p>\n<p>Site: www.secmarilia.org.br<\/p>\n<p>Facebook:\u00a0www.facebook.com\/comeciariosmarilia<\/p>\n","protected":false},"excerpt":{"rendered":"<p>Diz a historia que em 1908 era fundado no Rio de Janeiro a Uni\u00e3o dos Empregados no Com\u00e9rcio do Rio de Janeiro, organizada pelos \u201ccaixeiros\u201d \u2013 nome dado aos empregados no Com\u00e9rcio, guarda-livros, escritur\u00e1rios entre outras figuras trabalhistas da \u00e9poca que se sentiam injusti\u00e7ados pelos comerciantes. J\u00e1 em 29 de outubro de 1932, uma manifesta\u00e7\u00e3o [&#038;hellip<\/p>\n","protected":false},"author":2,"featured_media":347,"comment_status":"open","ping_status":"open","sticky":false,"template":"","format":"standard","meta":{"footnotes":"","_links_to":"","_links_to_target":""},"categories":[4],"tags":[],"class_list":["post-445","post","type-post","status-publish","format-standard","has-post-thumbnail","hentry","category-destaques"],"_links":{"self":[{"href":"https:\/\/secmarilia.org.br\/site\/wp-json\/wp\/v2\/posts\/445","targetHints":{"allow":["GET"]}}],"collection":[{"href":"https:\/\/secmarilia.org.br\/site\/wp-json\/wp\/v2\/posts"}],"about":[{"href":"https:\/\/secmarilia.org.br\/site\/wp-json\/wp\/v2\/types\/post"}],"author":[{"embeddable":true,"href":"https:\/\/secmarilia.org.br\/site\/wp-json\/wp\/v2\/users\/2"}],"replies":[{"embeddable":true,"href":"https:\/\/secmarilia.org.br\/site\/wp-json\/wp\/v2\/comments?post=445"}],"version-history":[{"count":4,"href":"https:\/\/secmarilia.org.br\/site\/wp-json\/wp\/v2\/posts\/445\/revisions"}],"predecessor-version":[{"id":1914,"href":"https:\/\/secmarilia.org.br\/site\/wp-json\/wp\/v2\/posts\/445\/revisions\/1914"}],"wp:featuredmedia":[{"embeddable":true,"href":"https:\/\/secmarilia.org.br\/site\/wp-json\/wp\/v2\/media\/347"}],"wp:attachment":[{"href":"https:\/\/secmarilia.org.br\/site\/wp-json\/wp\/v2\/media?parent=445"}],"wp:term":[{"taxonomy":"category","embeddable":true,"href":"https:\/\/secmarilia.org.br\/site\/wp-json\/wp\/v2\/categories?post=445"},{"taxonomy":"post_tag","embeddable":true,"href":"https:\/\/secmarilia.org.br\/site\/wp-json\/wp\/v2\/tags?post=445"}],"curies":[{"name":"wp","href":"https:\/\/api.w.org\/{rel}","templated":true}]}}