{"id":409,"date":"2015-01-24T15:38:41","date_gmt":"2015-01-24T15:38:41","guid":{"rendered":"http:\/\/secmarilia.org.br\/site\/?p=409"},"modified":"2023-08-23T16:50:39","modified_gmt":"2023-08-23T16:50:39","slug":"mais-de-6-mil-casas-construidas-conquiste-o-sonho-da-casa-propria","status":"publish","type":"post","link":"https:\/\/secmarilia.org.br\/site\/mais-de-6-mil-casas-construidas-conquiste-o-sonho-da-casa-propria\/","title":{"rendered":"Mais de 6,5 mil casas Constru\u00eddas. Conquiste o Sonho da Casa Pr\u00f3pria! INSCRI\u00c7\u00d5ES ABERTAS&#8230;"},"content":{"rendered":"<p>O primeiro N\u00facleo Habitacional constru\u00eddo pelo <strong>Sindicato dos Empregados no Com\u00e9rcio de Mar\u00edlia\u00a0<\/strong>em parceria com Caixa Econ\u00f4mica Federal \u00a0foi o <strong>Jardim Lav\u00ednia em 1994<\/strong>. Foram constru\u00eddas <strong>300 casas com toda infraestrutura<\/strong> necess\u00e1ria, dando in\u00edcio a um projeto que j\u00e1 tem 21\u00a0anos.<\/p>\n<p>O <strong>Sindicato dos Comerci\u00e1rios\u00a0<\/strong>em parceria com a Caixa Econ\u00f4mica Federal construiu <strong>18 N\u00facleos Habitacionais em Mar\u00edlia e mais de\u00a0<\/strong> 6,5 mil casas foram constru\u00eddas beneficiando mais de 30 mil pessoas direta e indiretamente.<\/p>\n<h3>Departamento de Habita\u00e7\u00e3o<\/h3>\n<p>Rua PARA\u00cdBA n\u00ba31 \u2013 Centro &#8211; Mar\u00edlia\/SP<\/p>\n<p>Telefone: (14)3413-1059<\/p>\n<h3><strong>N\u00facleos Habitacionais<\/strong><\/h3>\n<p>1\u00a0\u00a0\u00a0\u00a0\u00a0\u00a0\u00a0\u00a0\u00a0\u00a0\u00a0\u00a0\u00a0 Jardim Lav\u00ednia 1994<\/p>\n<p>2\u00a0\u00a0\u00a0\u00a0\u00a0\u00a0\u00a0\u00a0\u00a0\u00a0\u00a0\u00a0\u00a0 Vila Alcides Mattiuze<\/p>\n<p>3\u00a0\u00a0\u00a0\u00a0\u00a0\u00a0\u00a0\u00a0\u00a0\u00a0\u00a0\u00a0\u00a0 Jardim Santa Antonieta V<\/p>\n<p>4\u00a0\u00a0\u00a0\u00a0\u00a0\u00a0\u00a0\u00a0\u00a0\u00a0\u00a0\u00a0\u00a0 Vila Comerci\u00e1rios I<\/p>\n<p>5\u00a0\u00a0\u00a0\u00a0\u00a0\u00a0\u00a0\u00a0\u00a0\u00a0\u00a0\u00a0\u00a0 Vila Comerci\u00e1rios II<\/p>\n<p>6\u00a0\u00a0\u00a0\u00a0\u00a0\u00a0\u00a0\u00a0\u00a0\u00a0\u00a0\u00a0\u00a0 Jardim Figueirinha I<\/p>\n<p>7\u00a0\u00a0\u00a0\u00a0\u00a0\u00a0\u00a0\u00a0\u00a0\u00a0\u00a0\u00a0\u00a0 Jardim Figueirinha II<\/p>\n<p>8\u00a0\u00a0\u00a0\u00a0\u00a0\u00a0\u00a0\u00a0\u00a0\u00a0\u00a0\u00a0\u00a0 Jardim Jana\u00edna<\/p>\n<p>9\u00a0\u00a0\u00a0\u00a0\u00a0\u00a0\u00a0\u00a0\u00a0\u00a0\u00a0\u00a0\u00a0 Jardim Nova Vera Cruz<\/p>\n<p>10\u00a0\u00a0\u00a0\u00a0\u00a0\u00a0\u00a0\u00a0\u00a0\u00a0 Cond. Residencial Altos da Colina<\/p>\n<p>11\u00a0\u00a0\u00a0\u00a0\u00a0\u00a0\u00a0\u00a0\u00a0\u00a0 Parque Novo Mundo I<\/p>\n<p>12\u00a0\u00a0\u00a0\u00a0\u00a0\u00a0\u00a0\u00a0\u00a0\u00a0 Parque Novo Mundo II<\/p>\n<p>13\u00a0\u00a0\u00a0\u00a0\u00a0\u00a0\u00a0\u00a0\u00a0\u00a0 Parque Novo Mundo III<\/p>\n<p>14\u00a0\u00a0\u00a0\u00a0\u00a0\u00a0\u00a0\u00a0\u00a0\u00a0 Jardim 1\u00ba de maio<\/p>\n<p>15\u00a0\u00a0\u00a0\u00a0\u00a0\u00a0\u00a0\u00a0\u00a0\u00a0 Condom\u00ednio Girass\u00f3is<\/p>\n<p>16\u00a0\u00a0\u00a0\u00a0\u00a0\u00a0\u00a0\u00a0\u00a0\u00a0 Jardim Verona<\/p>\n<p>17\u00a0\u00a0\u00a0\u00a0\u00a0\u00a0\u00a0\u00a0\u00a0\u00a0 Jardim Veneza<\/p>\n<p>18\u00a0\u00a0\u00a0\u00a0\u00a0\u00a0\u00a0\u00a0\u00a0\u00a0 Residencial Firenze 1<\/p>\n<p>19\u00a0\u00a0\u00a0\u00a0\u00a0\u00a0\u00a0\u00a0\u00a0\u00a0 Residencial Firenze 2<\/p>\n","protected":false},"excerpt":{"rendered":"<p>O primeiro N\u00facleo Habitacional constru\u00eddo pelo Sindicato dos Empregados no Com\u00e9rcio de Mar\u00edlia\u00a0em parceria com Caixa Econ\u00f4mica Federal \u00a0foi o Jardim Lav\u00ednia em 1994. Foram constru\u00eddas 300 casas com toda infraestrutura necess\u00e1ria, dando in\u00edcio a um projeto que j\u00e1 tem 21\u00a0anos. O Sindicato dos Comerci\u00e1rios\u00a0em parceria com a Caixa Econ\u00f4mica Federal construiu 18 N\u00facleos Habitacionais [&#038;hellip<\/p>\n","protected":false},"author":2,"featured_media":0,"comment_status":"open","ping_status":"open","sticky":false,"template":"","format":"standard","meta":{"footnotes":"","_links_to":"","_links_to_target":""},"categories":[2,1],"tags":[],"class_list":["post-409","post","type-post","status-publish","format-standard","hentry","category-noticias","category-sem-categoria"],"_links":{"self":[{"href":"https:\/\/secmarilia.org.br\/site\/wp-json\/wp\/v2\/posts\/409","targetHints":{"allow":["GET"]}}],"collection":[{"href":"https:\/\/secmarilia.org.br\/site\/wp-json\/wp\/v2\/posts"}],"about":[{"href":"https:\/\/secmarilia.org.br\/site\/wp-json\/wp\/v2\/types\/post"}],"author":[{"embeddable":true,"href":"https:\/\/secmarilia.org.br\/site\/wp-json\/wp\/v2\/users\/2"}],"replies":[{"embeddable":true,"href":"https:\/\/secmarilia.org.br\/site\/wp-json\/wp\/v2\/comments?post=409"}],"version-history":[{"count":9,"href":"https:\/\/secmarilia.org.br\/site\/wp-json\/wp\/v2\/posts\/409\/revisions"}],"predecessor-version":[{"id":1911,"href":"https:\/\/secmarilia.org.br\/site\/wp-json\/wp\/v2\/posts\/409\/revisions\/1911"}],"wp:attachment":[{"href":"https:\/\/secmarilia.org.br\/site\/wp-json\/wp\/v2\/media?parent=409"}],"wp:term":[{"taxonomy":"category","embeddable":true,"href":"https:\/\/secmarilia.org.br\/site\/wp-json\/wp\/v2\/categories?post=409"},{"taxonomy":"post_tag","embeddable":true,"href":"https:\/\/secmarilia.org.br\/site\/wp-json\/wp\/v2\/tags?post=409"}],"curies":[{"name":"wp","href":"https:\/\/api.w.org\/{rel}","templated":true}]}}