{"id":2237,"date":"2026-04-30T13:47:08","date_gmt":"2026-04-30T13:47:08","guid":{"rendered":"https:\/\/secmarilia.org.br\/site\/?p=2237"},"modified":"2026-04-30T13:47:09","modified_gmt":"2026-04-30T13:47:09","slug":"dia-do-trabalho-convencao-coletiva-garante-folga-aos-comerciarios-de-marilia","status":"publish","type":"post","link":"https:\/\/secmarilia.org.br\/site\/dia-do-trabalho-convencao-coletiva-garante-folga-aos-comerciarios-de-marilia\/","title":{"rendered":"DIA DO TRABALHO &#8211; CONVEN\u00c7\u00c3O COLETIVA GARANTE FOLGA AOS COMERCI\u00c1RIOS DE MAR\u00cdLIA"},"content":{"rendered":"<p>Seguindo a Conven\u00e7\u00e3o Coletiva de Trabalho, aproximadamente 8 mil comerci\u00e1rios de Mar\u00edlia devem descansar nesta sexta-feira, feriado de 1\u00ba de maio, Dia do Trabalhador. Assim, o com\u00e9rcio local de rua, shoppings e galerias permanecem fechados no feriado.<\/p>\n<p>Ainda de acordo com a cl\u00e1usula 17 da conven\u00e7\u00e3o da categoria, o desrespeito ao descanso dos comerci\u00e1rios implicar\u00e1 em multa de R$ 1.063,50 por empregado pelo descumprimento. \u201cEstaremos com agentes sindicais realizando a fiscaliza\u00e7\u00e3o no com\u00e9rcio para que o descanso dos comerci\u00e1rios seja respeitado\u201d, enfatizou o presidente do Sindicato dos Comerci\u00e1rios, M\u00e1rio Herrera.<\/p>\n<p>\u201c\u00c9 preciso que o trabalhador tenha direito ao descanso junto \u00e0 fam\u00edlia. Nosso com\u00e9rcio s\u00f3 fecha tr\u00eas dias no ano: Natal, Ano Novo e o Dia do Trabalhador\u201d, explicou o sindicalista.<\/p>\n<p>Herrera ainda falou da altera\u00e7\u00e3o da jornada de trabalho. \u201cChega da escala 6 por 1. Buscamos junto ao Governo Federal, ao Senado e ao Congresso a implanta\u00e7\u00e3o da escala 5 por 2, com 40 horas semanais, sem horas extras e sem banco de horas. Essa \u00e9 uma grande bandeira de luta do trabalhador neste 1\u00ba de maio\u201d.<\/p>\n<p>Parab\u00e9ns, trabalhadores. Neste 1\u00ba de maio celebramos as lutas, conquistas, mem\u00f3rias e a uni\u00e3o dos trabalhadores. Temos orgulho em dizer que, h\u00e1 mais de 90 anos, o nosso sindicato segue firme na prote\u00e7\u00e3o dos direitos dos trabalhadores\u201d, enfatizou Herrera.<\/p>\n","protected":false},"excerpt":{"rendered":"<p>Seguindo a Conven\u00e7\u00e3o Coletiva de Trabalho, aproximadamente 8 mil comerci\u00e1rios de Mar\u00edlia devem descansar nesta sexta-feira, feriado de 1\u00ba de maio, Dia do Trabalhador. Assim, o com\u00e9rcio local de rua, shoppings e galerias permanecem fechados no feriado. Ainda de acordo com a cl\u00e1usula 17 da conven\u00e7\u00e3o da categoria, o desrespeito ao descanso dos comerci\u00e1rios implicar\u00e1 [&#038;hellip<\/p>\n","protected":false},"author":2,"featured_media":2238,"comment_status":"open","ping_status":"open","sticky":false,"template":"","format":"standard","meta":{"footnotes":"","_links_to":"","_links_to_target":""},"categories":[2],"tags":[5],"class_list":["post-2237","post","type-post","status-publish","format-standard","has-post-thumbnail","hentry","category-noticias","tag-destaques"],"_links":{"self":[{"href":"https:\/\/secmarilia.org.br\/site\/wp-json\/wp\/v2\/posts\/2237","targetHints":{"allow":["GET"]}}],"collection":[{"href":"https:\/\/secmarilia.org.br\/site\/wp-json\/wp\/v2\/posts"}],"about":[{"href":"https:\/\/secmarilia.org.br\/site\/wp-json\/wp\/v2\/types\/post"}],"author":[{"embeddable":true,"href":"https:\/\/secmarilia.org.br\/site\/wp-json\/wp\/v2\/users\/2"}],"replies":[{"embeddable":true,"href":"https:\/\/secmarilia.org.br\/site\/wp-json\/wp\/v2\/comments?post=2237"}],"version-history":[{"count":1,"href":"https:\/\/secmarilia.org.br\/site\/wp-json\/wp\/v2\/posts\/2237\/revisions"}],"predecessor-version":[{"id":2239,"href":"https:\/\/secmarilia.org.br\/site\/wp-json\/wp\/v2\/posts\/2237\/revisions\/2239"}],"wp:featuredmedia":[{"embeddable":true,"href":"https:\/\/secmarilia.org.br\/site\/wp-json\/wp\/v2\/media\/2238"}],"wp:attachment":[{"href":"https:\/\/secmarilia.org.br\/site\/wp-json\/wp\/v2\/media?parent=2237"}],"wp:term":[{"taxonomy":"category","embeddable":true,"href":"https:\/\/secmarilia.org.br\/site\/wp-json\/wp\/v2\/categories?post=2237"},{"taxonomy":"post_tag","embeddable":true,"href":"https:\/\/secmarilia.org.br\/site\/wp-json\/wp\/v2\/tags?post=2237"}],"curies":[{"name":"wp","href":"https:\/\/api.w.org\/{rel}","templated":true}]}}