{"id":2231,"date":"2026-04-30T13:12:17","date_gmt":"2026-04-30T13:12:17","guid":{"rendered":"https:\/\/secmarilia.org.br\/site\/?p=2231"},"modified":"2026-04-30T13:19:14","modified_gmt":"2026-04-30T13:19:14","slug":"1o-de-maio-dia-do-trabalho","status":"publish","type":"post","link":"https:\/\/secmarilia.org.br\/site\/1o-de-maio-dia-do-trabalho\/","title":{"rendered":"1\u00ba de maio, Dia do Trabalho"},"content":{"rendered":"<p>NESSE, 1\u00ba DE MAIO, CELEBRAMOS O DIA MUNDIAL DO TRABALHADOR \u2014 UMA DATA DE LUTA, CONQUISTAS, MEM\u00d3RIAS E UNI\u00c3O. Confira o v\u00eddeo!<\/p>\n<figure class=\"wp-block-video\"><video height=\"720\" style=\"aspect-ratio: 1280 \/ 720;\" width=\"1280\" controls src=\"https:\/\/secmarilia.org.br\/site\/wp-content\/uploads\/2026\/04\/DIA-TRABALHO-SINDICATO-BAIXA.mp4\"><\/video><\/figure>\n","protected":false},"excerpt":{"rendered":"<p>NESSE, 1\u00ba DE MAIO, CELEBRAMOS O DIA MUNDIAL DO TRABALHADOR \u2014 UMA DATA DE LUTA, CONQUISTAS, MEM\u00d3RIAS E UNI\u00c3O. Confira o v\u00eddeo!<\/p>\n","protected":false},"author":2,"featured_media":1815,"comment_status":"open","ping_status":"open","sticky":false,"template":"","format":"standard","meta":{"footnotes":"","_links_to":"","_links_to_target":""},"categories":[2],"tags":[5],"class_list":["post-2231","post","type-post","status-publish","format-standard","has-post-thumbnail","hentry","category-noticias","tag-destaques"],"_links":{"self":[{"href":"https:\/\/secmarilia.org.br\/site\/wp-json\/wp\/v2\/posts\/2231","targetHints":{"allow":["GET"]}}],"collection":[{"href":"https:\/\/secmarilia.org.br\/site\/wp-json\/wp\/v2\/posts"}],"about":[{"href":"https:\/\/secmarilia.org.br\/site\/wp-json\/wp\/v2\/types\/post"}],"author":[{"embeddable":true,"href":"https:\/\/secmarilia.org.br\/site\/wp-json\/wp\/v2\/users\/2"}],"replies":[{"embeddable":true,"href":"https:\/\/secmarilia.org.br\/site\/wp-json\/wp\/v2\/comments?post=2231"}],"version-history":[{"count":3,"href":"https:\/\/secmarilia.org.br\/site\/wp-json\/wp\/v2\/posts\/2231\/revisions"}],"predecessor-version":[{"id":2236,"href":"https:\/\/secmarilia.org.br\/site\/wp-json\/wp\/v2\/posts\/2231\/revisions\/2236"}],"wp:featuredmedia":[{"embeddable":true,"href":"https:\/\/secmarilia.org.br\/site\/wp-json\/wp\/v2\/media\/1815"}],"wp:attachment":[{"href":"https:\/\/secmarilia.org.br\/site\/wp-json\/wp\/v2\/media?parent=2231"}],"wp:term":[{"taxonomy":"category","embeddable":true,"href":"https:\/\/secmarilia.org.br\/site\/wp-json\/wp\/v2\/categories?post=2231"},{"taxonomy":"post_tag","embeddable":true,"href":"https:\/\/secmarilia.org.br\/site\/wp-json\/wp\/v2\/tags?post=2231"}],"curies":[{"name":"wp","href":"https:\/\/api.w.org\/{rel}","templated":true}]}}