{"id":2207,"date":"2026-01-03T21:28:39","date_gmt":"2026-01-03T21:28:39","guid":{"rendered":"https:\/\/secmarilia.org.br\/site\/?p=2207"},"modified":"2026-04-21T13:53:48","modified_gmt":"2026-04-21T13:53:48","slug":"tristeza-sindicato-perde-dois-diretores","status":"publish","type":"post","link":"https:\/\/secmarilia.org.br\/site\/tristeza-sindicato-perde-dois-diretores\/","title":{"rendered":"Tristeza &#8211; Sindicato perde dois diretores"},"content":{"rendered":"<p>O com\u00e9rcio de Mar\u00edlia e o Sindicato dos Comerci\u00e1rios da cidade registraram o falecimento de dois diretores, Sr. Aparecido Ricardo e o Sr. Ant\u00f4nio Batista de Barros.<\/p>\n<p>Aparecido Ricardo construiu uma longa trajet\u00f3ria como comerci\u00e1rio, atuando por muitos anos no P\u00e3o de A\u00e7\u00facar. Reconhecido pela dedica\u00e7\u00e3o \u00e0 profiss\u00e3o, tamb\u00e9m teve participa\u00e7\u00e3o ativa na diretoria do Sindicato dos Comerci\u00e1rios, mantendo proximidade com os trabalhadores e contribuindo com a defesa dos interesses da categoria ao longo de sua atua\u00e7\u00e3o sindical. Aparecido faleceu aos 70 nessa sexta-feira, dia 2.<\/p>\n<p>J\u00e1 Ant\u00f4nio Batista de Barros, comerci\u00e1rio aposentado e diretor do Sindicato. Durante sua vida profissional, atuou em diversas lojas do com\u00e9rcio local, tendo encerrado sua carreira na Riachuelo, onde trabalhou por muitos anos. Mesmo ap\u00f3s a aposentadoria, permaneceu ligado ao movimento sindical, contribuindo com sua experi\u00eancia e participa\u00e7\u00e3o na entidade. Ant\u00f4nio faleceu aos 82 anos nesse s\u00e1bado, dia 3 e o vel\u00f3rio ser\u00e1 na sala Master do Vel\u00f3rio na Avenida Saudade e o sepultamento ocorre \u00e0s 10h desse domingo, dia 4 no Cemit\u00e9rio da Saudade.<\/p>\n<p>Em nota, o Sindicato dos Comerci\u00e1rios de Mar\u00edlia manifestou pesar pelas perdas e solidariedade aos familiares, amigos e colegas de trabalho, destacando o legado de compromisso e dedica\u00e7\u00e3o deixado por ambos ao com\u00e9rcio e \u00e0 representa\u00e7\u00e3o sindical da cidade.<\/p>\n<p>\u201cN\u00f3s perdemos dois diretores que fizeram hist\u00f3ria no movimento Sindical. O Sr. Ant\u00f4nio e o Cido, constru\u00edram a hist\u00f3ria de 90 anos do nosso Sindicato, como diretores e comerci\u00e1rios. O Sindicalismo perde dois trabalhadores exemplares, que sempre lutaram por trabalho digno e por uma sociedade mais justa. A fam\u00edlia e amigos, expressamos nossos sinceros sentimentos\u201d, M\u00e1rio Herrera presidente do Sindicato dos Comerci\u00e1rios de Mar\u00edlia.<\/p>\n<figure class=\"wp-block-image size-full\"><img loading=\"lazy\" decoding=\"async\" width=\"940\" height=\"788\" src=\"https:\/\/secmarilia.org.br\/site\/wp-content\/uploads\/2026\/01\/ANTONIO.png\" alt=\"\" class=\"wp-image-2208\" srcset=\"https:\/\/secmarilia.org.br\/site\/wp-content\/uploads\/2026\/01\/ANTONIO.png 940w, https:\/\/secmarilia.org.br\/site\/wp-content\/uploads\/2026\/01\/ANTONIO-500x419.png 500w, https:\/\/secmarilia.org.br\/site\/wp-content\/uploads\/2026\/01\/ANTONIO-768x644.png 768w, https:\/\/secmarilia.org.br\/site\/wp-content\/uploads\/2026\/01\/ANTONIO-600x503.png 600w\" sizes=\"auto, (max-width: 940px) 100vw, 940px\" \/><\/figure>\n<figure class=\"wp-block-image size-full\"><img loading=\"lazy\" decoding=\"async\" width=\"940\" height=\"788\" src=\"https:\/\/secmarilia.org.br\/site\/wp-content\/uploads\/2026\/01\/APARECIDO.png\" alt=\"\" class=\"wp-image-2209\" srcset=\"https:\/\/secmarilia.org.br\/site\/wp-content\/uploads\/2026\/01\/APARECIDO.png 940w, https:\/\/secmarilia.org.br\/site\/wp-content\/uploads\/2026\/01\/APARECIDO-500x419.png 500w, https:\/\/secmarilia.org.br\/site\/wp-content\/uploads\/2026\/01\/APARECIDO-768x644.png 768w, https:\/\/secmarilia.org.br\/site\/wp-content\/uploads\/2026\/01\/APARECIDO-600x503.png 600w\" sizes=\"auto, (max-width: 940px) 100vw, 940px\" \/><\/figure>\n","protected":false},"excerpt":{"rendered":"<p>O com\u00e9rcio de Mar\u00edlia e o Sindicato dos Comerci\u00e1rios da cidade registraram o falecimento de dois diretores, Sr. Aparecido Ricardo e o Sr. Ant\u00f4nio Batista de Barros. Aparecido Ricardo construiu uma longa trajet\u00f3ria como comerci\u00e1rio, atuando por muitos anos no P\u00e3o de A\u00e7\u00facar. Reconhecido pela dedica\u00e7\u00e3o \u00e0 profiss\u00e3o, tamb\u00e9m teve participa\u00e7\u00e3o ativa na diretoria do [&#038;hellip<\/p>\n","protected":false},"author":2,"featured_media":2214,"comment_status":"open","ping_status":"open","sticky":false,"template":"","format":"standard","meta":{"footnotes":"","_links_to":"","_links_to_target":""},"categories":[2],"tags":[],"class_list":["post-2207","post","type-post","status-publish","format-standard","has-post-thumbnail","hentry","category-noticias"],"_links":{"self":[{"href":"https:\/\/secmarilia.org.br\/site\/wp-json\/wp\/v2\/posts\/2207","targetHints":{"allow":["GET"]}}],"collection":[{"href":"https:\/\/secmarilia.org.br\/site\/wp-json\/wp\/v2\/posts"}],"about":[{"href":"https:\/\/secmarilia.org.br\/site\/wp-json\/wp\/v2\/types\/post"}],"author":[{"embeddable":true,"href":"https:\/\/secmarilia.org.br\/site\/wp-json\/wp\/v2\/users\/2"}],"replies":[{"embeddable":true,"href":"https:\/\/secmarilia.org.br\/site\/wp-json\/wp\/v2\/comments?post=2207"}],"version-history":[{"count":2,"href":"https:\/\/secmarilia.org.br\/site\/wp-json\/wp\/v2\/posts\/2207\/revisions"}],"predecessor-version":[{"id":2216,"href":"https:\/\/secmarilia.org.br\/site\/wp-json\/wp\/v2\/posts\/2207\/revisions\/2216"}],"wp:featuredmedia":[{"embeddable":true,"href":"https:\/\/secmarilia.org.br\/site\/wp-json\/wp\/v2\/media\/2214"}],"wp:attachment":[{"href":"https:\/\/secmarilia.org.br\/site\/wp-json\/wp\/v2\/media?parent=2207"}],"wp:term":[{"taxonomy":"category","embeddable":true,"href":"https:\/\/secmarilia.org.br\/site\/wp-json\/wp\/v2\/categories?post=2207"},{"taxonomy":"post_tag","embeddable":true,"href":"https:\/\/secmarilia.org.br\/site\/wp-json\/wp\/v2\/tags?post=2207"}],"curies":[{"name":"wp","href":"https:\/\/api.w.org\/{rel}","templated":true}]}}