{"id":2198,"date":"2025-12-18T14:10:07","date_gmt":"2025-12-18T14:10:07","guid":{"rendered":"https:\/\/secmarilia.org.br\/site\/?p=2198"},"modified":"2026-04-21T13:54:46","modified_gmt":"2026-04-21T13:54:46","slug":"justica-do-trabalho-homologa-acordo-e-comercio-de-marilia-abre-nos-dias-26-de-dezembro-e-2-de-janeiro-a-partir-das-13h","status":"publish","type":"post","link":"https:\/\/secmarilia.org.br\/site\/justica-do-trabalho-homologa-acordo-e-comercio-de-marilia-abre-nos-dias-26-de-dezembro-e-2-de-janeiro-a-partir-das-13h\/","title":{"rendered":"JUSTI\u00c7A DO TRABALHO HOMOLOGA ACORDO E COM\u00c9RCIO DE MAR\u00cdLIA ABRE NOS DIAS 26 DE DEZEMBRO E 2 DE JANEIRO A PARTIR DAS 13H"},"content":{"rendered":"<p>O acordo homologado pela Justi\u00e7a do Trabalho nesta quarta-feira (17), entre o Sindicato dos Empregados no Com\u00e9rcio de Mar\u00edlia, a Associa\u00e7\u00e3o Comercial e de Inova\u00e7\u00e3o de Mar\u00edlia (ACIM) e o Sindicato do Com\u00e9rcio Varejista de Mar\u00edlia (Sincom\u00e9rcio), encerrou a a\u00e7\u00e3o judicial que tratava sobre o hor\u00e1rio de funcionamento do com\u00e9rcio no domingo que antecede o Natal, dia 21 de dezembro de 2025.<\/p>\n<p>O impasse teve in\u00edcio, quando o Sindicato dos Comerci\u00e1rios entrou na Justi\u00e7a com uma A\u00e7\u00e3o de Cumprimento para garantir os direitos dos trabalhadores, porque a ACIM come\u00e7ou a divulgar que a abertura do com\u00e9rcio no domingo seria das 9h \u00e0s 17h, e n\u00e3o at\u00e9 \u00e0s 16h, como constava na Conven\u00e7\u00e3o Coletiva de Trabalho (CCT) 2025\/26, assinada entre o Sindicato dos Comerci\u00e1rios e o Sincom\u00e9rcio, representante do setor patronal.<\/p>\n<p>O acordo homologado pela Justi\u00e7a determina que o com\u00e9rcio varejista da cidade funcione no domingo, 21 de dezembro, das 9h at\u00e9 \u00e0s 17h e, como forma de compensa\u00e7\u00e3o pela extens\u00e3o da jornada nesse dia, que o in\u00edcio do expediente dos trabalhadores ocorrer\u00e1 a partir das 13h nos dias 26 de dezembro e 2 de janeiro de 2026. A compensa\u00e7\u00e3o se aplica a todos os estabelecimentos do com\u00e9rcio varejista em geral, exceto aqueles com regulamenta\u00e7\u00e3o espec\u00edfica.<\/p>\n<p>\u201cFizemos um acordo bom para a nossa categoria, no qual garantimos um tempo a mais de descanso para o trabalhador comerci\u00e1rio, que trabalha demais no final do ano, e acabamos com a inseguran\u00e7a jur\u00eddica para empresas e comerci\u00e1rios\u201d, explicou M\u00e1rio Herrera, presidente do Sindicato dos Comerci\u00e1rios.<\/p>\n<p>Continua definido, conforme a CCT, que a empresa que descumprir as regras estar\u00e1 sujeita ao pagamento de uma multa equivalente a meio sal\u00e1rio normativo da categoria, ou seja, R$ 1.063,50, por empregado.<\/p>\n<p>Ainda no acordo, as partes se comprometeram a dar ampla publicidade ao que foi negociado, especialmente por meio das redes sociais, do site e dos demais canais de comunica\u00e7\u00e3o da ACIM.<\/p>\n<p>Todo o acordo judicial ser\u00e1 realizado como adendo \u00e0 CCT 2025\/26.<\/p>\n","protected":false},"excerpt":{"rendered":"<p>O acordo homologado pela Justi\u00e7a do Trabalho nesta quarta-feira (17), entre o Sindicato dos Empregados no Com\u00e9rcio de Mar\u00edlia, a Associa\u00e7\u00e3o Comercial e de Inova\u00e7\u00e3o de Mar\u00edlia (ACIM) e o Sindicato do Com\u00e9rcio Varejista de Mar\u00edlia (Sincom\u00e9rcio), encerrou a a\u00e7\u00e3o judicial que tratava sobre o hor\u00e1rio de funcionamento do com\u00e9rcio no domingo que antecede o [&#038;hellip<\/p>\n","protected":false},"author":2,"featured_media":2199,"comment_status":"open","ping_status":"open","sticky":false,"template":"","format":"standard","meta":{"footnotes":"","_links_to":"","_links_to_target":""},"categories":[2],"tags":[],"class_list":["post-2198","post","type-post","status-publish","format-standard","has-post-thumbnail","hentry","category-noticias"],"_links":{"self":[{"href":"https:\/\/secmarilia.org.br\/site\/wp-json\/wp\/v2\/posts\/2198","targetHints":{"allow":["GET"]}}],"collection":[{"href":"https:\/\/secmarilia.org.br\/site\/wp-json\/wp\/v2\/posts"}],"about":[{"href":"https:\/\/secmarilia.org.br\/site\/wp-json\/wp\/v2\/types\/post"}],"author":[{"embeddable":true,"href":"https:\/\/secmarilia.org.br\/site\/wp-json\/wp\/v2\/users\/2"}],"replies":[{"embeddable":true,"href":"https:\/\/secmarilia.org.br\/site\/wp-json\/wp\/v2\/comments?post=2198"}],"version-history":[{"count":2,"href":"https:\/\/secmarilia.org.br\/site\/wp-json\/wp\/v2\/posts\/2198\/revisions"}],"predecessor-version":[{"id":2202,"href":"https:\/\/secmarilia.org.br\/site\/wp-json\/wp\/v2\/posts\/2198\/revisions\/2202"}],"wp:featuredmedia":[{"embeddable":true,"href":"https:\/\/secmarilia.org.br\/site\/wp-json\/wp\/v2\/media\/2199"}],"wp:attachment":[{"href":"https:\/\/secmarilia.org.br\/site\/wp-json\/wp\/v2\/media?parent=2198"}],"wp:term":[{"taxonomy":"category","embeddable":true,"href":"https:\/\/secmarilia.org.br\/site\/wp-json\/wp\/v2\/categories?post=2198"},{"taxonomy":"post_tag","embeddable":true,"href":"https:\/\/secmarilia.org.br\/site\/wp-json\/wp\/v2\/tags?post=2198"}],"curies":[{"name":"wp","href":"https:\/\/api.w.org\/{rel}","templated":true}]}}