{"id":2115,"date":"2025-07-04T17:00:33","date_gmt":"2025-07-04T17:00:33","guid":{"rendered":"https:\/\/secmarilia.org.br\/site\/?p=2115"},"modified":"2025-07-04T17:00:38","modified_gmt":"2025-07-04T17:00:38","slug":"sindicato-dos-comerciarios-de-marilia-elege-nova-diretoria","status":"publish","type":"post","link":"https:\/\/secmarilia.org.br\/site\/sindicato-dos-comerciarios-de-marilia-elege-nova-diretoria\/","title":{"rendered":"SINDICATO DOS COMERCI\u00c1RIOS DE MAR\u00cdLIA ELEGE NOVA DIRETORIA"},"content":{"rendered":"<p>Em elei\u00e7\u00e3o realizada nos dias 1, 2 e 3 de julho, os comerci\u00e1rios contribuintes associados do Sindicato dos Comerci\u00e1rios de Mar\u00edlia, elegeram a nova diretoria para o quinqu\u00eanio de 2025 \u00e0 20230. A entidade tem 91 anos de funda\u00e7\u00e3o e representa aproximadamente 10 mil comerci\u00e1rios de Mar\u00edlia e cidades da regi\u00e3o.<\/p>\n<p>A chapa &#8220;o que \u00e9 bom continua\u201d, liderada por M\u00e1rio Herrera, atual presidente, venceu as elei\u00e7\u00f5es com 99% dos votos. &#8220;Temos nomes novos na diretoria, e continuaremos nosso trabalho em busca de sal\u00e1rio e trabalho digno para os comerci\u00e1rios, sem se esquecer do lado assistencial do sindicato.<\/p>\n<p>&#8220;Agrade\u00e7o a vota\u00e7\u00e3o expressiva. A nova diretoria recebe com muito orgulho essa miss\u00e3o de defender a fam\u00edlia comerci\u00e1ria. A hist\u00f3ria do Sindicato continua sendo escrita com muito trabalho e dedica\u00e7\u00e3o&#8221;, disse Herrera.<\/p>\n<p>O Sindicato dos Comerci\u00e1rios de Mar\u00edlia \u00e9 um dos mais antigos do Brasil e tamb\u00e9m \u00e9 fundador da FECOMERCI\u00c1RIOS &#8211; Federa\u00e7\u00e3o dos Comerci\u00e1rios do Estado de S\u00e3o Paulo. &#8220;Esse Sindicato tem hist\u00f3ria de lutas. Nossa entidade \u00e9 foi importante para a hist\u00f3ria do movimento sindical no brasil e continua sendo de extrema import\u00e2ncia. Isso torna nossa elei\u00e7\u00e3o sindical mais um capitulo na hist\u00f3ria do Sindicato&#8221;, enfatizou Herrera.<\/p>\n<p>&#8220;Uma coisa importante que n\u00e3o poderia deixar de lembrar, \u00e9 que a diretoria eleita, \u00e9 composta por sua maioria de mulheres, s\u00e3o 14 mulheres e 12 homens. A mulher tem papel importante na nossa luta sindical e sabe das necessidades da fam\u00edlia comerci\u00e1ria&#8221;, explicou Herrera.<\/p>\n<p>Participaram da mesa de apura\u00e7\u00e3o, a assessora da FECOMERCI\u00c1RIOS Anadege dos Santos, o funcion\u00e1rio Maur\u00edcio Joaquim da Silva e os advogados do Sindicato John Rudy Silva Leon e Evandro de Ara\u00fajo Marins. Al\u00e9m de diretores, comerci\u00e1rios e funcion\u00e1rios que puderam acompanhar a apura\u00e7\u00e3o.<\/p>\n<p>A posse da nova diretoria acontece ainda neste ano com data ainda a ser definida. O Sindicato dos Comerci\u00e1rios de Mar\u00edlia fica na Rua Para\u00edba, 31 &#8211; Centro e o telefone \u00e9 o (14)3413-1059.<\/p>\n<figure class=\"wp-block-image size-large\"><img loading=\"lazy\" decoding=\"async\" width=\"2048\" height=\"1110\" src=\"https:\/\/secmarilia.org.br\/site\/wp-content\/uploads\/2025\/07\/APURACAO-scaled-e1751648217356-2048x1110.png\" alt=\"Na foto, o funcion\u00e1rio Maur\u00edcio Joaquim da Silva funcion\u00e1rio, a assessora da FECOMERCI\u00c1RIOS Anadege dos Santos e os advogados do Sindicato  Evandro de Ara\u00fajo Marins e John Rudy Silva Leon\" class=\"wp-image-2116\" srcset=\"https:\/\/secmarilia.org.br\/site\/wp-content\/uploads\/2025\/07\/APURACAO-scaled-e1751648217356-2048x1110.png 2048w, https:\/\/secmarilia.org.br\/site\/wp-content\/uploads\/2025\/07\/APURACAO-scaled-e1751648217356-500x271.png 500w, https:\/\/secmarilia.org.br\/site\/wp-content\/uploads\/2025\/07\/APURACAO-scaled-e1751648217356-768x416.png 768w, https:\/\/secmarilia.org.br\/site\/wp-content\/uploads\/2025\/07\/APURACAO-scaled-e1751648217356-1536x833.png 1536w, https:\/\/secmarilia.org.br\/site\/wp-content\/uploads\/2025\/07\/APURACAO-scaled-e1751648217356-600x325.png 600w\" sizes=\"auto, (max-width: 2048px) 100vw, 2048px\" \/><\/figure>\n<p><strong>Na foto, o funcion\u00e1rio Maur\u00edcio Joaquim da Silva funcion\u00e1rio, a assessora da FECOMERCI\u00c1RIOS Anadege dos Santos e os advogados do Sindicato  Evandro de Ara\u00fajo Marins e John Rudy Silva Leon<\/strong><\/p>\n","protected":false},"excerpt":{"rendered":"<p>Em elei\u00e7\u00e3o realizada nos dias 1, 2 e 3 de julho, os comerci\u00e1rios contribuintes associados do Sindicato dos Comerci\u00e1rios de Mar\u00edlia, elegeram a nova diretoria para o quinqu\u00eanio de 2025 \u00e0 20230. A entidade tem 91 anos de funda\u00e7\u00e3o e representa aproximadamente 10 mil comerci\u00e1rios de Mar\u00edlia e cidades da regi\u00e3o. A chapa &#8220;o que [&#038;hellip<\/p>\n","protected":false},"author":2,"featured_media":2118,"comment_status":"open","ping_status":"open","sticky":false,"template":"","format":"standard","meta":{"footnotes":"","_links_to":"","_links_to_target":""},"categories":[2],"tags":[5],"class_list":["post-2115","post","type-post","status-publish","format-standard","has-post-thumbnail","hentry","category-noticias","tag-destaques"],"_links":{"self":[{"href":"https:\/\/secmarilia.org.br\/site\/wp-json\/wp\/v2\/posts\/2115","targetHints":{"allow":["GET"]}}],"collection":[{"href":"https:\/\/secmarilia.org.br\/site\/wp-json\/wp\/v2\/posts"}],"about":[{"href":"https:\/\/secmarilia.org.br\/site\/wp-json\/wp\/v2\/types\/post"}],"author":[{"embeddable":true,"href":"https:\/\/secmarilia.org.br\/site\/wp-json\/wp\/v2\/users\/2"}],"replies":[{"embeddable":true,"href":"https:\/\/secmarilia.org.br\/site\/wp-json\/wp\/v2\/comments?post=2115"}],"version-history":[{"count":1,"href":"https:\/\/secmarilia.org.br\/site\/wp-json\/wp\/v2\/posts\/2115\/revisions"}],"predecessor-version":[{"id":2119,"href":"https:\/\/secmarilia.org.br\/site\/wp-json\/wp\/v2\/posts\/2115\/revisions\/2119"}],"wp:featuredmedia":[{"embeddable":true,"href":"https:\/\/secmarilia.org.br\/site\/wp-json\/wp\/v2\/media\/2118"}],"wp:attachment":[{"href":"https:\/\/secmarilia.org.br\/site\/wp-json\/wp\/v2\/media?parent=2115"}],"wp:term":[{"taxonomy":"category","embeddable":true,"href":"https:\/\/secmarilia.org.br\/site\/wp-json\/wp\/v2\/categories?post=2115"},{"taxonomy":"post_tag","embeddable":true,"href":"https:\/\/secmarilia.org.br\/site\/wp-json\/wp\/v2\/tags?post=2115"}],"curies":[{"name":"wp","href":"https:\/\/api.w.org\/{rel}","templated":true}]}}