{"id":2103,"date":"2025-04-30T13:51:29","date_gmt":"2025-04-30T13:51:29","guid":{"rendered":"https:\/\/secmarilia.org.br\/site\/?p=2103"},"modified":"2025-04-30T13:51:33","modified_gmt":"2025-04-30T13:51:33","slug":"sindicato-garante-descanso-dos-comerciarios-no-feriado","status":"publish","type":"post","link":"https:\/\/secmarilia.org.br\/site\/sindicato-garante-descanso-dos-comerciarios-no-feriado\/","title":{"rendered":"SINDICATO GARANTE DESCANSO DOS COMERCI\u00c1RIOS NO FERIADO"},"content":{"rendered":"<\/p>\n<p>Uma das classes de trabalhadores que mais trabalham em hor\u00e1rios estafantes no Brasil, s\u00e3o os comerci\u00e1rios. Diante dessa situa\u00e7\u00e3o, o Sindicato dos Comerci\u00e1rios de Mar\u00edlia garantiu em Conven\u00e7\u00e3o Coletiva de Trabalho o descanso em tr\u00eas feriados no ano, 1\u00ba de Maio \u2013 Dia Internacional do Trabalho, 25 de Dezembro \u2013 Natal e 1\u00ba de Janeiro \u2013 Ano Novo.<\/p>\n<p>\u201cTodos os feriados do ano o trabalho no com\u00e9rcio \u00e9 permitido em Mar\u00edlia. Apenas em tr\u00eas feriados os comerci\u00e1rios podem e devem descansar no conv\u00edvio familiar. O Dia do Trabalho \u00e9 um momento de reflex\u00e3o para nossos comerci\u00e1rios e trabalhadores\u201d, falou M\u00e1rio Herrera presidente do Sindicato sobre o trabalho no feriado.<\/p>\n<p>A cl\u00e1usula 17 da Conven\u00e7\u00e3o Coletiva de Trabalho da categoria, tamb\u00e9m estabelece multa por descumprimento. \u201cA empresa que n\u00e3o cumprir a Conven\u00e7\u00e3o pode ser multada com meio sal\u00e1rio normativo por empregado, que seria hoje em torno de R$1.000 (Mil Reais). Estaremos com uma equipe fiscalizando o trabalho no com\u00e9rcio local. Esperamos que todas as empresas respeitem o descanso como tem acontecido nos anos anteriores\u201d, explicou Herrera<\/p>\n<p>Herrera falou ainda, sobre os direitos dos comerci\u00e1rios que trabalham em supermercados que s\u00e3o autorizados em abrir de acordo com Lei Federal. \u201cEmpresas aliment\u00edcias, como mercearias, mini mercados, mercados, supermercados e hipermercados podem funcionar de acordo com a Lei. Nesses casos, conquistamos em Conven\u00e7\u00e3o indeniza\u00e7\u00e3o no valor de R$ 49,00 (quarenta e nove reais) mais folga entre outros benef\u00edcios para os trabalhadores\u201d.<\/p>\n<p>\u201cParab\u00e9ns a todos os trabalhadores, aos comerci\u00e1rios. Feliz Dia do Trabalhador! O Sindicato dos Comerci\u00e1rios completa 90 anos de luta por sal\u00e1rio e trabalho digno para a categoria. &nbsp;Continuamos aqui em busca de garantir direitos e de cuidar do trabalhador do com\u00e9rcio\u201d, frisou Herrera.<\/p>\n<p>Em caso de den\u00fancias, o Sindicato fica na Rua para\u00edba, 31 \u2013 centro, &nbsp;telefone; (14) 3413-1059.<\/p>\n","protected":false},"excerpt":{"rendered":"<p>Uma das classes de trabalhadores que mais trabalham em hor\u00e1rios estafantes no Brasil, s\u00e3o os comerci\u00e1rios. Diante dessa situa\u00e7\u00e3o, o Sindicato dos Comerci\u00e1rios de Mar\u00edlia garantiu em Conven\u00e7\u00e3o Coletiva de Trabalho o descanso em tr\u00eas feriados no ano, 1\u00ba de Maio \u2013 Dia Internacional do Trabalho, 25 de Dezembro \u2013 Natal e 1\u00ba de Janeiro [&#038;hellip<\/p>\n","protected":false},"author":2,"featured_media":600,"comment_status":"open","ping_status":"open","sticky":false,"template":"","format":"standard","meta":{"footnotes":"","_links_to":"","_links_to_target":""},"categories":[2],"tags":[5],"class_list":["post-2103","post","type-post","status-publish","format-standard","has-post-thumbnail","hentry","category-noticias","tag-destaques"],"_links":{"self":[{"href":"https:\/\/secmarilia.org.br\/site\/wp-json\/wp\/v2\/posts\/2103","targetHints":{"allow":["GET"]}}],"collection":[{"href":"https:\/\/secmarilia.org.br\/site\/wp-json\/wp\/v2\/posts"}],"about":[{"href":"https:\/\/secmarilia.org.br\/site\/wp-json\/wp\/v2\/types\/post"}],"author":[{"embeddable":true,"href":"https:\/\/secmarilia.org.br\/site\/wp-json\/wp\/v2\/users\/2"}],"replies":[{"embeddable":true,"href":"https:\/\/secmarilia.org.br\/site\/wp-json\/wp\/v2\/comments?post=2103"}],"version-history":[{"count":1,"href":"https:\/\/secmarilia.org.br\/site\/wp-json\/wp\/v2\/posts\/2103\/revisions"}],"predecessor-version":[{"id":2104,"href":"https:\/\/secmarilia.org.br\/site\/wp-json\/wp\/v2\/posts\/2103\/revisions\/2104"}],"wp:featuredmedia":[{"embeddable":true,"href":"https:\/\/secmarilia.org.br\/site\/wp-json\/wp\/v2\/media\/600"}],"wp:attachment":[{"href":"https:\/\/secmarilia.org.br\/site\/wp-json\/wp\/v2\/media?parent=2103"}],"wp:term":[{"taxonomy":"category","embeddable":true,"href":"https:\/\/secmarilia.org.br\/site\/wp-json\/wp\/v2\/categories?post=2103"},{"taxonomy":"post_tag","embeddable":true,"href":"https:\/\/secmarilia.org.br\/site\/wp-json\/wp\/v2\/tags?post=2103"}],"curies":[{"name":"wp","href":"https:\/\/api.w.org\/{rel}","templated":true}]}}