{"id":2025,"date":"2024-05-02T17:22:05","date_gmt":"2024-05-02T17:22:05","guid":{"rendered":"https:\/\/secmarilia.org.br\/site\/?p=2025"},"modified":"2024-05-02T17:22:07","modified_gmt":"2024-05-02T17:22:07","slug":"comerciarios-devem-descansar-no-feriado-do-dia-do-trabalho","status":"publish","type":"post","link":"https:\/\/secmarilia.org.br\/site\/comerciarios-devem-descansar-no-feriado-do-dia-do-trabalho\/","title":{"rendered":"COMERCI\u00c1RIOS DEVEM DESCANSAR NO FERIADO DO DIA DO TRABALHO"},"content":{"rendered":"<p>Os comerci\u00e1rios de Mar\u00edlia devem descansar no feriado de 1\u00ba de Maio \u2013 Dia Internacional do Trabalho. A folga \u00e9 garantida pela Conven\u00e7\u00e3o Coletiva de Trabalho 2023\/24 conquistada pelo Sindicato dos Empregado no Com\u00e9rcio de Mar\u00edlia.<\/p>\n<p>\u201cApenas em tr\u00eas feriados no ano o comerci\u00e1rio pode descansar com a fam\u00edlia, s\u00e3o eles; Dia do Trabalho, Natal e Ano Novo. \u00c9 um momento pra curtir. Ent\u00e3o, \u00e9 proibido o trabalho em lojas do com\u00e9rcio de rua shoppings e galerias\u201d, explicou M\u00e1rio Herrera presidente do Sindicato.<\/p>\n<p>Herrera falou ainda, que a empresa que descumprir a Conven\u00e7\u00e3o ser\u00e1 punida com multa. \u201cA cl\u00e1usula 17, determina que o descumprimento da folga, ou seja, caso a empresa utilize o trabalho do comerci\u00e1rio a multa ser\u00e1 de aproximadamente R$950 por empregado\u201d.<\/p>\n<p>Uma equipe do Sindicato vai realizar a fiscaliza\u00e7\u00e3o do com\u00e9rcio local para garantir o direito dos trabalhadores. \u201cVamos fiscalizar e fazer valer o descanso merecido dos nossos comerci\u00e1rios. Pe\u00e7o que os trabalhadores denunciem o trabalho de forma an\u00f4nima no telefone 3413-1059\u201d, frisou Herrera.<\/p>\n<p>\u201cParab\u00e9ns aos nossos comerci\u00e1rios e aos trabalhadores de outras categorias. Voc\u00eas s\u00e3o a for\u00e7a que movimentam e fazem o progresso do nosso Brasil\u201d, disse Herrera.<\/p>\n","protected":false},"excerpt":{"rendered":"<p>Os comerci\u00e1rios de Mar\u00edlia devem descansar no feriado de 1\u00ba de Maio \u2013 Dia Internacional do Trabalho. A folga \u00e9 garantida pela Conven\u00e7\u00e3o Coletiva de Trabalho 2023\/24 conquistada pelo Sindicato dos Empregado no Com\u00e9rcio de Mar\u00edlia. \u201cApenas em tr\u00eas feriados no ano o comerci\u00e1rio pode descansar com a fam\u00edlia, s\u00e3o eles; Dia do Trabalho, Natal [&#038;hellip<\/p>\n","protected":false},"author":2,"featured_media":2026,"comment_status":"open","ping_status":"open","sticky":false,"template":"","format":"standard","meta":{"footnotes":"","_links_to":"","_links_to_target":""},"categories":[2],"tags":[5],"class_list":["post-2025","post","type-post","status-publish","format-standard","has-post-thumbnail","hentry","category-noticias","tag-destaques"],"_links":{"self":[{"href":"https:\/\/secmarilia.org.br\/site\/wp-json\/wp\/v2\/posts\/2025","targetHints":{"allow":["GET"]}}],"collection":[{"href":"https:\/\/secmarilia.org.br\/site\/wp-json\/wp\/v2\/posts"}],"about":[{"href":"https:\/\/secmarilia.org.br\/site\/wp-json\/wp\/v2\/types\/post"}],"author":[{"embeddable":true,"href":"https:\/\/secmarilia.org.br\/site\/wp-json\/wp\/v2\/users\/2"}],"replies":[{"embeddable":true,"href":"https:\/\/secmarilia.org.br\/site\/wp-json\/wp\/v2\/comments?post=2025"}],"version-history":[{"count":1,"href":"https:\/\/secmarilia.org.br\/site\/wp-json\/wp\/v2\/posts\/2025\/revisions"}],"predecessor-version":[{"id":2027,"href":"https:\/\/secmarilia.org.br\/site\/wp-json\/wp\/v2\/posts\/2025\/revisions\/2027"}],"wp:featuredmedia":[{"embeddable":true,"href":"https:\/\/secmarilia.org.br\/site\/wp-json\/wp\/v2\/media\/2026"}],"wp:attachment":[{"href":"https:\/\/secmarilia.org.br\/site\/wp-json\/wp\/v2\/media?parent=2025"}],"wp:term":[{"taxonomy":"category","embeddable":true,"href":"https:\/\/secmarilia.org.br\/site\/wp-json\/wp\/v2\/categories?post=2025"},{"taxonomy":"post_tag","embeddable":true,"href":"https:\/\/secmarilia.org.br\/site\/wp-json\/wp\/v2\/tags?post=2025"}],"curies":[{"name":"wp","href":"https:\/\/api.w.org\/{rel}","templated":true}]}}