{"id":2018,"date":"2024-04-15T18:02:31","date_gmt":"2024-04-15T18:02:31","guid":{"rendered":"https:\/\/secmarilia.org.br\/site\/?p=2018"},"modified":"2024-04-15T18:02:34","modified_gmt":"2024-04-15T18:02:34","slug":"fecomerciarios-85-anos-parabens","status":"publish","type":"post","link":"https:\/\/secmarilia.org.br\/site\/fecomerciarios-85-anos-parabens\/","title":{"rendered":"FECOMERCI\u00c1RIOS &#8211; 85 ANOS &#8211; PARAB\u00c9NS!"},"content":{"rendered":"<p>FECOMERCI\u00c1RIOS &#8211; 85 ANOS &#8211; PARAB\u00c9NS!<\/p>\n","protected":false},"excerpt":{"rendered":"<p>FECOMERCI\u00c1RIOS &#8211; 85 ANOS &#8211; PARAB\u00c9NS!<\/p>\n","protected":false},"author":2,"featured_media":2019,"comment_status":"open","ping_status":"open","sticky":false,"template":"","format":"standard","meta":{"footnotes":"","_links_to":"","_links_to_target":""},"categories":[2],"tags":[5],"class_list":["post-2018","post","type-post","status-publish","format-standard","has-post-thumbnail","hentry","category-noticias","tag-destaques"],"_links":{"self":[{"href":"https:\/\/secmarilia.org.br\/site\/wp-json\/wp\/v2\/posts\/2018","targetHints":{"allow":["GET"]}}],"collection":[{"href":"https:\/\/secmarilia.org.br\/site\/wp-json\/wp\/v2\/posts"}],"about":[{"href":"https:\/\/secmarilia.org.br\/site\/wp-json\/wp\/v2\/types\/post"}],"author":[{"embeddable":true,"href":"https:\/\/secmarilia.org.br\/site\/wp-json\/wp\/v2\/users\/2"}],"replies":[{"embeddable":true,"href":"https:\/\/secmarilia.org.br\/site\/wp-json\/wp\/v2\/comments?post=2018"}],"version-history":[{"count":1,"href":"https:\/\/secmarilia.org.br\/site\/wp-json\/wp\/v2\/posts\/2018\/revisions"}],"predecessor-version":[{"id":2020,"href":"https:\/\/secmarilia.org.br\/site\/wp-json\/wp\/v2\/posts\/2018\/revisions\/2020"}],"wp:featuredmedia":[{"embeddable":true,"href":"https:\/\/secmarilia.org.br\/site\/wp-json\/wp\/v2\/media\/2019"}],"wp:attachment":[{"href":"https:\/\/secmarilia.org.br\/site\/wp-json\/wp\/v2\/media?parent=2018"}],"wp:term":[{"taxonomy":"category","embeddable":true,"href":"https:\/\/secmarilia.org.br\/site\/wp-json\/wp\/v2\/categories?post=2018"},{"taxonomy":"post_tag","embeddable":true,"href":"https:\/\/secmarilia.org.br\/site\/wp-json\/wp\/v2\/tags?post=2018"}],"curies":[{"name":"wp","href":"https:\/\/api.w.org\/{rel}","templated":true}]}}